{"id":16307,"date":"2024-09-25T12:25:48","date_gmt":"2024-09-25T10:25:48","guid":{"rendered":"https:\/\/www.aic-vbc.be\/?p=16307"},"modified":"2025-02-05T17:18:08","modified_gmt":"2025-02-05T15:18:08","slug":"la-toussaint","status":"publish","type":"post","link":"https:\/\/www.aic-vbc.be\/fr\/nouvelles\/la-toussaint\/","title":{"rendered":"La Toussaint"},"content":{"rendered":"\t\t<div data-elementor-type=\"wp-post\" data-elementor-id=\"16307\" class=\"elementor elementor-16307\" data-elementor-post-type=\"post\">\n\t\t\t\t\t\t<section class=\"elementor-section elementor-top-section elementor-element elementor-element-5810e30d elementor-section-boxed elementor-section-height-default elementor-section-height-default\" data-id=\"5810e30d\" data-element_type=\"section\" data-settings=\"{&quot;jet_parallax_layout_list&quot;:[]}\">\n\t\t\t\t\t\t<div class=\"elementor-container elementor-column-gap-default\">\n\t\t\t\t\t<div class=\"elementor-column elementor-col-100 elementor-top-column elementor-element elementor-element-604c5026\" data-id=\"604c5026\" data-element_type=\"column\">\n\t\t\t<div class=\"elementor-widget-wrap elementor-element-populated\">\n\t\t\t\t\t\t<div class=\"elementor-element elementor-element-2cb97295 elementor-widget elementor-widget-text-editor\" data-id=\"2cb97295\" data-element_type=\"widget\" data-widget_type=\"text-editor.default\">\n\t\t\t\t<div class=\"elementor-widget-container\">\n\t\t\t\t\t\t\t\t\t<h1>La Toussaint : traditions et signification<\/h1><p>Les 1er et 2 novembre, la Toussaint sont c\u00e9l\u00e9br\u00e9s dans le monde entier. Il s&rsquo;agit de deux f\u00eates religieuses importantes qui ont une signification profonde pour les croyants. Le jour de la Toussaint, \u00e9galement connu sous le nom de jour des morts, est l&rsquo;occasion de se souvenir des d\u00e9funts et de leur rendre hommage. Les familles se r\u00e9unissent, se rendent sur les tombes et allument des bougies \u00e0 la m\u00e9moire de leurs proches.<\/p><p>La Toussaint, quant \u00e0 elle, est une journ\u00e9e consacr\u00e9e \u00e0 l&rsquo;hommage aux saints, connus et inconnus. Il s&rsquo;agit d&rsquo;une c\u00e9l\u00e9bration de ceux qui ont men\u00e9 une vie exemplaire et qui sont consid\u00e9r\u00e9s comme aim\u00e9s et saints. Des <a href=\"https:\/\/www.aic-vbc.be\/fr\/nos-services\/ceremonie\/\">c\u00e9r\u00e9monies<\/a> sp\u00e9ciales sont c\u00e9l\u00e9br\u00e9es ce jour-l\u00e0.<\/p><p>Ces deux f\u00eates ont leurs propres traditions et significations, mais ensemble, elles constituent une partie importante de la foi chr\u00e9tienne. Au fil des ans, ces f\u00eates sont devenues une p\u00e9riode de r\u00e9flexion, de souvenir et de gratitude.<\/p><h2>Qu&rsquo;est-ce que la Toussaint et le jour des morts ?<\/h2><p>Le jour des morts et la Toussaint sont deux f\u00eates catholiques c\u00e9l\u00e9br\u00e9es chaque ann\u00e9e les 1er et 2 novembre. Le jour de la Toussaint, on se souvient des d\u00e9funts et on les honore, tandis que le jour de la Toussaint, on c\u00e9l\u00e8bre les saints. Ce sont des moments de pri\u00e8re, de r\u00e9flexion et d&rsquo;hommage aux proches d\u00e9c\u00e9d\u00e9s.<\/p><h2>L&rsquo;histoire et les origines de la Toussaint et du Jour des \u00e2mes<\/h2><p>La c\u00e9l\u00e9bration des deux jours a une longue histoire qui remonte aux premiers temps du christianisme. Les deux f\u00eates trouvent leur origine dans diverses traditions et coutumes anciennes, qui ont \u00e9t\u00e9 fusionn\u00e9es au fil du temps pour former les c\u00e9l\u00e9brations d&rsquo;aujourd&rsquo;hui.<\/p><p>La f\u00eate des morts trouve son origine dans la tradition chr\u00e9tienne primitive qui consistait \u00e0 offrir des pri\u00e8res et des sacrifices aux d\u00e9funts. L&rsquo;id\u00e9e de prier pour les \u00e2mes des d\u00e9funts d\u00e9coule de la croyance dans le purgatoire, un \u00e9tat temporaire de purification pour ceux qui ne vont pas directement au paradis.<\/p><p>La Toussaint trouve son origine dans le christianisme primitif, o\u00f9 les saints et les martyrs \u00e9taient v\u00e9n\u00e9r\u00e9s et honor\u00e9s. Au IVe si\u00e8cle, le pape Boniface IV a d\u00e9cid\u00e9 de consacrer une journ\u00e9e sp\u00e9ciale \u00e0 l&rsquo;honneur de tous les saints, connus et inconnus. Ce jour a ensuite \u00e9t\u00e9 fix\u00e9 au 1er novembre et est connu sous le nom de \u00ab Toussaint \u00bb.<\/p><h2>Diff\u00e9rentes traditions et coutumes<\/h2><p>La f\u00eate des morts et la f\u00eate de la Toussaint sont c\u00e9l\u00e9br\u00e9es dans le monde entier et font l&rsquo;objet de diff\u00e9rentes traditions et coutumes qui peuvent varier d&rsquo;un pays \u00e0 l&rsquo;autre et d&rsquo;une culture \u00e0 l&rsquo;autre. Voici quelques-unes des traditions et coutumes les plus courantes qui entourent ces f\u00eates :<\/p><ul><li>Visite des <a href=\"https:\/\/www.aic-vbc.be\/fr\/nos-services\/pierre-tombale\/\">tombes<\/a> : une tradition courante le jour de la Toussaint consiste \u00e0 se rendre sur les tombes des \u00eatres chers. Les familles se rendent dans les cimeti\u00e8res pour nettoyer les tombes, d\u00e9poser des fleurs et allumer des bougies. Cela symbolise le respect et l&rsquo;amour pour les d\u00e9funts.<\/li><li>Messe de la Toussaint : le jour de la Toussaint, des <a href=\"https:\/\/www.aic-vbc.be\/fr\/nos-services\/ceremonie\/\">c\u00e9r\u00e9monies<\/a> sp\u00e9ciales sont organis\u00e9es \u00e0 la m\u00e9moire des d\u00e9funts. Au cours de ces messes, des pri\u00e8res sont prononc\u00e9es pour les \u00e2mes des d\u00e9funts et leurs noms sont lus \u00e0 haute voix.<\/li><li>Les processions de la Toussaint : Dans certains pays, des processions sont organis\u00e9es en l&rsquo;honneur de la Toussaint. Les croyants se rendent en procession dans les \u00e9glises ou les sanctuaires, o\u00f9 des messes sp\u00e9ciales sont c\u00e9l\u00e9br\u00e9es en l&rsquo;honneur des saints.<\/li><li>R\u00e9alisation d&rsquo;autels comm\u00e9moratifs : Dans certaines cultures, des autels comm\u00e9moratifs sont \u00e9rig\u00e9s en l&rsquo;honneur des d\u00e9funts. Ces autels sont d\u00e9cor\u00e9s de photographies, de bougies, de <a href=\"https:\/\/www.aic-vbc.be\/fr\/categories-de-nos-articles\/\">fleurs<\/a> et d&rsquo;objets personnels du d\u00e9funt.<\/li><\/ul><h2>Signification et symbolisme<\/h2><p>Le jour des morts et la Toussaint ont une signification et un symbolisme profonds dans la foi catholique. Elles nous rappellent que la mort n&rsquo;est pas une fin, mais une transition vers une autre vie. Ces f\u00eates soulignent l&rsquo;importance d&rsquo;honorer et de se souvenir de ceux qui nous ont pr\u00e9c\u00e9d\u00e9s, ainsi que la croyance en la survie de l&rsquo;\u00e2me.<\/p><p>Le jour de la Toussaint est un moment de pri\u00e8re et de r\u00e9flexion, o\u00f9 nous r\u00e9fl\u00e9chissons \u00e0 l&rsquo;impermanence de la vie et \u00e0 l&rsquo;importance de prier pour les \u00e2mes des d\u00e9funts. C&rsquo;est l&rsquo;occasion de reconna\u00eetre notre lien avec nos anc\u00eatres et de les honorer par des pri\u00e8res.<\/p><p>La Toussaint nous rappelle que nous sommes tous appel\u00e9s \u00e0 la saintet\u00e9. Elle c\u00e9l\u00e8bre ceux qui ont consacr\u00e9 leur vie \u00e0 suivre le Christ et \u00e0 imiter ses enseignements. Elle nous encourage \u00e0 suivre leurs traces et \u00e0 consacrer notre vie au service des autres et \u00e0 la vertu.<\/p><h2>F\u00eate des morts Belgique<\/h2><p>En Belgique, la f\u00eate des morts et la f\u00eate de la Toussaint sont c\u00e9l\u00e9br\u00e9es de la m\u00eame mani\u00e8re que dans de nombreux autres pays. Les familles se rendent sur les tombes, allument des bougies et prient pour les \u00e2mes de leurs d\u00e9funts. La Toussaint est un jour f\u00e9ri\u00e9 en Belgique. De nombreuses personnes sont libres et profitent de cette journ\u00e9e pour se rendre dans les \u00e9glises et assister \u00e0 des c\u00e9r\u00e9monies sp\u00e9ciales.<\/p><h2>La Toussaint et le Jour des \u00e2mes dans d&rsquo;autres cultures et religions<\/h2><p>Bien que ces jours soient traditionnellement des f\u00eates catholiques, on retrouve des c\u00e9l\u00e9brations similaires des morts et des saints dans d&rsquo;autres cultures et religions. Au Mexique, par exemple, on c\u00e9l\u00e8bre le D\u00eda de los Muertos (jour des morts), au cours duquel les d\u00e9funts sont honor\u00e9s par des autels color\u00e9s, de la nourriture et des danses. Dans le bouddhisme, des rituels similaires ont lieu lors du festival Ullambana, au cours duquel des pri\u00e8res et des offrandes sont faites aux anc\u00eatres.<\/p><p>Voici quelques conseils pratiques :<\/p><ul><li>Se rendre sur la tombe d&rsquo;un proche et allumer une bougie en sa m\u00e9moire.<\/li><li>Participer \u00e0 une <a href=\"https:\/\/www.aic-vbc.be\/fr\/nos-services\/ceremonie\/\">c\u00e9r\u00e9monie<\/a> dans une \u00e9glise locale.<\/li><li>Cr\u00e9er un autel comm\u00e9moratif pour le d\u00e9funt avec des photos et des objets personnels.<\/li><li>Prier pour les \u00e2mes des d\u00e9funts et demander leur b\u00e9n\u00e9diction et leur protection.<\/li><\/ul><h2>Ces f\u00eates dans la soci\u00e9t\u00e9 moderne<\/h2><p>Dans la soci\u00e9t\u00e9 moderne, ils sont importants non seulement pour les croyants, mais aussi pour l&rsquo;ensemble de la communaut\u00e9. Ces f\u00eates offrent un moment de r\u00e9flexion et de souvenir, invitant chacun \u00e0 r\u00e9fl\u00e9chir \u00e0 ceux qui l&rsquo;ont pr\u00e9c\u00e9d\u00e9. Elles nous rappellent que nous devons \u00eatre reconnaissants pour la vie et l&rsquo;amour de nos proches.<\/p><h2>F\u00eates et c\u00e9l\u00e9brations similaires dans le monde entier<\/h2><p>Ils font l&rsquo;objet de c\u00e9l\u00e9brations et de festivals similaires dans le monde entier. Parmi les plus notables, citons<\/p><ul><li>D\u00eda de los Muertos (Mexique) : f\u00eate color\u00e9e en l&rsquo;honneur des d\u00e9funts, avec autels, d\u00e9fil\u00e9s et c\u00e9l\u00e9brations.<\/li><li>Samhain (Celtique) : ancienne f\u00eate celtique marquant la fin de la saison des r\u00e9coltes et le passage \u00e0 la moiti\u00e9 sombre de l&rsquo;ann\u00e9e.<\/li><li>Chuseok (Cor\u00e9e) : F\u00eate cor\u00e9enne des r\u00e9coltes au cours de laquelle les familles se r\u00e9unissent pour honorer les anc\u00eatres et d\u00e9guster des plats traditionnels.<\/li><\/ul><h2>Conclusion : l&rsquo;importance de se souvenir des \u00eatres chers<\/h2><p>La Toussaint et le Jour des morts sont des f\u00eates importantes qui nous rappellent l&rsquo;impermanence de la vie et l&rsquo;importance d&rsquo;honorer et de se souvenir de nos proches. Elles offrent un moment de r\u00e9flexion, de gratitude et de connexion avec nos anc\u00eatres. En c\u00e9l\u00e9brant la nous pouvons maintenir vivant l&rsquo;h\u00e9ritage spirituel de notre communaut\u00e9 et la croyance en la survie de l&rsquo;\u00e2me.<\/p>\t\t\t\t\t\t\t\t<\/div>\n\t\t\t\t<\/div>\n\t\t\t\t\t<\/div>\n\t\t<\/div>\n\t\t\t\t\t<\/div>\n\t\t<\/section>\n\t\t\t\t<section class=\"elementor-section elementor-top-section elementor-element elementor-element-141f1bc elementor-section-boxed elementor-section-height-default elementor-section-height-default\" data-id=\"141f1bc\" data-element_type=\"section\" data-settings=\"{&quot;jet_parallax_layout_list&quot;:[]}\">\n\t\t\t\t\t\t<div class=\"elementor-container elementor-column-gap-default\">\n\t\t\t\t\t<div class=\"elementor-column elementor-col-100 elementor-top-column elementor-element elementor-element-4c31121\" data-id=\"4c31121\" data-element_type=\"column\">\n\t\t\t<div class=\"elementor-widget-wrap elementor-element-populated\">\n\t\t\t\t\t\t<div class=\"elementor-element elementor-element-234bdd7 btn_contact elementor-align-center elementor-widget elementor-widget-button\" data-id=\"234bdd7\" data-element_type=\"widget\" data-widget_type=\"button.default\">\n\t\t\t\t<div class=\"elementor-widget-container\">\n\t\t\t\t\t\t\t\t\t<div class=\"elementor-button-wrapper\">\n\t\t\t\t\t<a class=\"elementor-button elementor-button-link elementor-size-sm\" href=\"https:\/\/www.aic-vbc.be\/fr\/contact\/\">\n\t\t\t\t\t\t<span class=\"elementor-button-content-wrapper\">\n\t\t\t\t\t\t\t\t\t<span class=\"elementor-button-text\">Une question? Contactez-nous<\/span>\n\t\t\t\t\t<\/span>\n\t\t\t\t\t<\/a>\n\t\t\t\t<\/div>\n\t\t\t\t\t\t\t\t<\/div>\n\t\t\t\t<\/div>\n\t\t\t\t\t<\/div>\n\t\t<\/div>\n\t\t\t\t\t<\/div>\n\t\t<\/section>\n\t\t\t\t<\/div>\n\t\t","protected":false},"excerpt":{"rendered":"<p>La Toussaint : traditions et signification Les 1er et 2 novembre, la Toussaint sont c\u00e9l\u00e9br\u00e9s dans le monde entier. Il s&rsquo;agit de deux f\u00eates religieuses importantes qui ont une signification profonde pour les croyants. Le jour de la Toussaint, \u00e9galement connu sous le nom de jour des morts, est l&rsquo;occasion de se souvenir des d\u00e9funts [&hellip;]<\/p>\n","protected":false},"author":3,"featured_media":16313,"comment_status":"closed","ping_status":"closed","sticky":false,"template":"","format":"standard","meta":{"_acf_changed":false,"inline_featured_image":false,"_exactmetrics_skip_tracking":false,"_exactmetrics_sitenote_active":false,"_exactmetrics_sitenote_note":"","_exactmetrics_sitenote_category":0,"footnotes":""},"categories":[40],"tags":[],"class_list":["post-16307","post","type-post","status-publish","format-standard","has-post-thumbnail","hentry","category-general"],"acf":[],"yoast_head":"<!-- This site is optimized with the Yoast SEO plugin v27.0 - https:\/\/yoast.com\/product\/yoast-seo-wordpress\/ -->\n<title>La Toussaint - F\u00eate des morts Belgique - AIC HEIRBRANT VBC<\/title>\n<meta name=\"description\" content=\"La Toussaint - Rendre hommage - Comm\u00e9moration - Pompes fun\u00e8bres AIC - HEIRBRANT - www.aic-vbc.be - 02\/502.14.24\" \/>\n<meta name=\"robots\" content=\"index, follow, max-snippet:-1, max-image-preview:large, max-video-preview:-1\" \/>\n<link rel=\"canonical\" href=\"https:\/\/www.aic-vbc.be\/fr\/nouvelles\/la-toussaint\/\" \/>\n<meta property=\"og:locale\" content=\"fr_FR\" \/>\n<meta property=\"og:type\" content=\"article\" \/>\n<meta property=\"og:title\" content=\"La Toussaint - F\u00eate des morts Belgique - AIC HEIRBRANT VBC\" \/>\n<meta property=\"og:description\" content=\"La Toussaint - Rendre hommage - Comm\u00e9moration - Pompes fun\u00e8bres AIC - HEIRBRANT - www.aic-vbc.be - 02\/502.14.24\" \/>\n<meta property=\"og:url\" content=\"https:\/\/www.aic-vbc.be\/fr\/nouvelles\/la-toussaint\/\" \/>\n<meta property=\"og:site_name\" content=\"AIC HEIRBRANT VBC\" \/>\n<meta property=\"article:published_time\" content=\"2024-09-25T10:25:48+00:00\" \/>\n<meta property=\"article:modified_time\" content=\"2025-02-05T15:18:08+00:00\" \/>\n<meta property=\"og:image\" content=\"https:\/\/www.aic-vbc.be\/wp-content\/uploads\/2024\/09\/DSC74171-scaled-e1727278543200.jpg\" \/>\n\t<meta property=\"og:image:width\" content=\"600\" \/>\n\t<meta property=\"og:image:height\" content=\"399\" \/>\n\t<meta property=\"og:image:type\" content=\"image\/jpeg\" \/>\n<meta name=\"author\" content=\"Patrick Heirbrant\" \/>\n<meta name=\"twitter:card\" content=\"summary_large_image\" \/>\n<meta name=\"twitter:label1\" content=\"\u00c9crit par\" \/>\n\t<meta name=\"twitter:data1\" content=\"Patrick Heirbrant\" \/>\n\t<meta name=\"twitter:label2\" content=\"Dur\u00e9e de lecture estim\u00e9e\" \/>\n\t<meta name=\"twitter:data2\" content=\"7 minutes\" \/>\n<script type=\"application\/ld+json\" class=\"yoast-schema-graph\">{\"@context\":\"https:\/\/schema.org\",\"@graph\":[{\"@type\":\"Article\",\"@id\":\"https:\/\/www.aic-vbc.be\/fr\/nouvelles\/la-toussaint\/#article\",\"isPartOf\":{\"@id\":\"https:\/\/www.aic-vbc.be\/fr\/nouvelles\/la-toussaint\/\"},\"author\":{\"name\":\"Patrick Heirbrant\",\"@id\":\"\/#\/schema\/person\/3b2f849cb27cad0ff8de70d5598c6897\"},\"headline\":\"La Toussaint\",\"datePublished\":\"2024-09-25T10:25:48+00:00\",\"dateModified\":\"2025-02-05T15:18:08+00:00\",\"mainEntityOfPage\":{\"@id\":\"https:\/\/www.aic-vbc.be\/fr\/nouvelles\/la-toussaint\/\"},\"wordCount\":1399,\"publisher\":{\"@id\":\"\/#organization\"},\"image\":{\"@id\":\"https:\/\/www.aic-vbc.be\/fr\/nouvelles\/la-toussaint\/#primaryimage\"},\"thumbnailUrl\":\"https:\/\/www.aic-vbc.be\/wp-content\/uploads\/2024\/09\/DSC74171-scaled-e1727278543200.jpg\",\"articleSection\":[\"General\"],\"inLanguage\":\"fr-FR\"},{\"@type\":\"WebPage\",\"@id\":\"https:\/\/www.aic-vbc.be\/fr\/nouvelles\/la-toussaint\/\",\"url\":\"https:\/\/www.aic-vbc.be\/fr\/nouvelles\/la-toussaint\/\",\"name\":\"La Toussaint - F\u00eate des morts Belgique - AIC HEIRBRANT VBC\",\"isPartOf\":{\"@id\":\"\/#website\"},\"primaryImageOfPage\":{\"@id\":\"https:\/\/www.aic-vbc.be\/fr\/nouvelles\/la-toussaint\/#primaryimage\"},\"image\":{\"@id\":\"https:\/\/www.aic-vbc.be\/fr\/nouvelles\/la-toussaint\/#primaryimage\"},\"thumbnailUrl\":\"https:\/\/www.aic-vbc.be\/wp-content\/uploads\/2024\/09\/DSC74171-scaled-e1727278543200.jpg\",\"datePublished\":\"2024-09-25T10:25:48+00:00\",\"dateModified\":\"2025-02-05T15:18:08+00:00\",\"description\":\"La Toussaint - Rendre hommage - Comm\u00e9moration - Pompes fun\u00e8bres AIC - HEIRBRANT - www.aic-vbc.be - 02\/502.14.24\",\"breadcrumb\":{\"@id\":\"https:\/\/www.aic-vbc.be\/fr\/nouvelles\/la-toussaint\/#breadcrumb\"},\"inLanguage\":\"fr-FR\",\"potentialAction\":[{\"@type\":\"ReadAction\",\"target\":[\"https:\/\/www.aic-vbc.be\/fr\/nouvelles\/la-toussaint\/\"]}]},{\"@type\":\"ImageObject\",\"inLanguage\":\"fr-FR\",\"@id\":\"https:\/\/www.aic-vbc.be\/fr\/nouvelles\/la-toussaint\/#primaryimage\",\"url\":\"https:\/\/www.aic-vbc.be\/wp-content\/uploads\/2024\/09\/DSC74171-scaled-e1727278543200.jpg\",\"contentUrl\":\"https:\/\/www.aic-vbc.be\/wp-content\/uploads\/2024\/09\/DSC74171-scaled-e1727278543200.jpg\",\"width\":600,\"height\":399,\"caption\":\"La Toussaint AIC HEIRBRANT\"},{\"@type\":\"BreadcrumbList\",\"@id\":\"https:\/\/www.aic-vbc.be\/fr\/nouvelles\/la-toussaint\/#breadcrumb\",\"itemListElement\":[{\"@type\":\"ListItem\",\"position\":1,\"name\":\"Home\",\"item\":\"https:\/\/www.aic-vbc.be\/fr\/\"},{\"@type\":\"ListItem\",\"position\":2,\"name\":\"La Toussaint\"}]},{\"@type\":\"WebSite\",\"@id\":\"\/#website\",\"url\":\"\/\",\"name\":\"AIC VBC\",\"description\":\"\",\"publisher\":{\"@id\":\"\/#organization\"},\"potentialAction\":[{\"@type\":\"SearchAction\",\"target\":{\"@type\":\"EntryPoint\",\"urlTemplate\":\"\/?s={search_term_string}\"},\"query-input\":{\"@type\":\"PropertyValueSpecification\",\"valueRequired\":true,\"valueName\":\"search_term_string\"}}],\"inLanguage\":\"fr-FR\"},{\"@type\":\"Organization\",\"@id\":\"\/#organization\",\"name\":\"AIC - HEIRBRANT - VBC\",\"url\":\"\/\",\"logo\":{\"@type\":\"ImageObject\",\"inLanguage\":\"fr-FR\",\"@id\":\"\/#\/schema\/logo\/image\/\",\"url\":\"https:\/\/www.aic-vbc.be\/wp-content\/uploads\/2020\/08\/AIC_Sfeerbeeld_01.jpg\",\"contentUrl\":\"https:\/\/www.aic-vbc.be\/wp-content\/uploads\/2020\/08\/AIC_Sfeerbeeld_01.jpg\",\"width\":1281,\"height\":854,\"caption\":\"AIC - HEIRBRANT - VBC\"},\"image\":{\"@id\":\"\/#\/schema\/logo\/image\/\"}},{\"@type\":\"Person\",\"@id\":\"\/#\/schema\/person\/3b2f849cb27cad0ff8de70d5598c6897\",\"name\":\"Patrick Heirbrant\",\"image\":{\"@type\":\"ImageObject\",\"inLanguage\":\"fr-FR\",\"@id\":\"\/#\/schema\/person\/image\/\",\"url\":\"https:\/\/secure.gravatar.com\/avatar\/3e199877e52f38ef6ac90c0fcbd6a2b9bfb06a406ac24037ea9daf970eb93378?s=96&d=mm&r=g\",\"contentUrl\":\"https:\/\/secure.gravatar.com\/avatar\/3e199877e52f38ef6ac90c0fcbd6a2b9bfb06a406ac24037ea9daf970eb93378?s=96&d=mm&r=g\",\"caption\":\"Patrick Heirbrant\"}}]}<\/script>\n<!-- \/ Yoast SEO plugin. -->","yoast_head_json":{"title":"La Toussaint - F\u00eate des morts Belgique - AIC HEIRBRANT VBC","description":"La Toussaint - Rendre hommage - Comm\u00e9moration - Pompes fun\u00e8bres AIC - HEIRBRANT - www.aic-vbc.be - 02\/502.14.24","robots":{"index":"index","follow":"follow","max-snippet":"max-snippet:-1","max-image-preview":"max-image-preview:large","max-video-preview":"max-video-preview:-1"},"canonical":"https:\/\/www.aic-vbc.be\/fr\/nouvelles\/la-toussaint\/","og_locale":"fr_FR","og_type":"article","og_title":"La Toussaint - F\u00eate des morts Belgique - AIC HEIRBRANT VBC","og_description":"La Toussaint - Rendre hommage - Comm\u00e9moration - Pompes fun\u00e8bres AIC - HEIRBRANT - www.aic-vbc.be - 02\/502.14.24","og_url":"https:\/\/www.aic-vbc.be\/fr\/nouvelles\/la-toussaint\/","og_site_name":"AIC HEIRBRANT VBC","article_published_time":"2024-09-25T10:25:48+00:00","article_modified_time":"2025-02-05T15:18:08+00:00","og_image":[{"width":600,"height":399,"url":"https:\/\/www.aic-vbc.be\/wp-content\/uploads\/2024\/09\/DSC74171-scaled-e1727278543200.jpg","type":"image\/jpeg"}],"author":"Patrick Heirbrant","twitter_card":"summary_large_image","twitter_misc":{"\u00c9crit par":"Patrick Heirbrant","Dur\u00e9e de lecture estim\u00e9e":"7 minutes"},"schema":{"@context":"https:\/\/schema.org","@graph":[{"@type":"Article","@id":"https:\/\/www.aic-vbc.be\/fr\/nouvelles\/la-toussaint\/#article","isPartOf":{"@id":"https:\/\/www.aic-vbc.be\/fr\/nouvelles\/la-toussaint\/"},"author":{"name":"Patrick Heirbrant","@id":"\/#\/schema\/person\/3b2f849cb27cad0ff8de70d5598c6897"},"headline":"La Toussaint","datePublished":"2024-09-25T10:25:48+00:00","dateModified":"2025-02-05T15:18:08+00:00","mainEntityOfPage":{"@id":"https:\/\/www.aic-vbc.be\/fr\/nouvelles\/la-toussaint\/"},"wordCount":1399,"publisher":{"@id":"\/#organization"},"image":{"@id":"https:\/\/www.aic-vbc.be\/fr\/nouvelles\/la-toussaint\/#primaryimage"},"thumbnailUrl":"https:\/\/www.aic-vbc.be\/wp-content\/uploads\/2024\/09\/DSC74171-scaled-e1727278543200.jpg","articleSection":["General"],"inLanguage":"fr-FR"},{"@type":"WebPage","@id":"https:\/\/www.aic-vbc.be\/fr\/nouvelles\/la-toussaint\/","url":"https:\/\/www.aic-vbc.be\/fr\/nouvelles\/la-toussaint\/","name":"La Toussaint - F\u00eate des morts Belgique - AIC HEIRBRANT VBC","isPartOf":{"@id":"\/#website"},"primaryImageOfPage":{"@id":"https:\/\/www.aic-vbc.be\/fr\/nouvelles\/la-toussaint\/#primaryimage"},"image":{"@id":"https:\/\/www.aic-vbc.be\/fr\/nouvelles\/la-toussaint\/#primaryimage"},"thumbnailUrl":"https:\/\/www.aic-vbc.be\/wp-content\/uploads\/2024\/09\/DSC74171-scaled-e1727278543200.jpg","datePublished":"2024-09-25T10:25:48+00:00","dateModified":"2025-02-05T15:18:08+00:00","description":"La Toussaint - Rendre hommage - Comm\u00e9moration - Pompes fun\u00e8bres AIC - HEIRBRANT - www.aic-vbc.be - 02\/502.14.24","breadcrumb":{"@id":"https:\/\/www.aic-vbc.be\/fr\/nouvelles\/la-toussaint\/#breadcrumb"},"inLanguage":"fr-FR","potentialAction":[{"@type":"ReadAction","target":["https:\/\/www.aic-vbc.be\/fr\/nouvelles\/la-toussaint\/"]}]},{"@type":"ImageObject","inLanguage":"fr-FR","@id":"https:\/\/www.aic-vbc.be\/fr\/nouvelles\/la-toussaint\/#primaryimage","url":"https:\/\/www.aic-vbc.be\/wp-content\/uploads\/2024\/09\/DSC74171-scaled-e1727278543200.jpg","contentUrl":"https:\/\/www.aic-vbc.be\/wp-content\/uploads\/2024\/09\/DSC74171-scaled-e1727278543200.jpg","width":600,"height":399,"caption":"La Toussaint AIC HEIRBRANT"},{"@type":"BreadcrumbList","@id":"https:\/\/www.aic-vbc.be\/fr\/nouvelles\/la-toussaint\/#breadcrumb","itemListElement":[{"@type":"ListItem","position":1,"name":"Home","item":"https:\/\/www.aic-vbc.be\/fr\/"},{"@type":"ListItem","position":2,"name":"La Toussaint"}]},{"@type":"WebSite","@id":"\/#website","url":"\/","name":"AIC VBC","description":"","publisher":{"@id":"\/#organization"},"potentialAction":[{"@type":"SearchAction","target":{"@type":"EntryPoint","urlTemplate":"\/?s={search_term_string}"},"query-input":{"@type":"PropertyValueSpecification","valueRequired":true,"valueName":"search_term_string"}}],"inLanguage":"fr-FR"},{"@type":"Organization","@id":"\/#organization","name":"AIC - HEIRBRANT - VBC","url":"\/","logo":{"@type":"ImageObject","inLanguage":"fr-FR","@id":"\/#\/schema\/logo\/image\/","url":"https:\/\/www.aic-vbc.be\/wp-content\/uploads\/2020\/08\/AIC_Sfeerbeeld_01.jpg","contentUrl":"https:\/\/www.aic-vbc.be\/wp-content\/uploads\/2020\/08\/AIC_Sfeerbeeld_01.jpg","width":1281,"height":854,"caption":"AIC - HEIRBRANT - VBC"},"image":{"@id":"\/#\/schema\/logo\/image\/"}},{"@type":"Person","@id":"\/#\/schema\/person\/3b2f849cb27cad0ff8de70d5598c6897","name":"Patrick Heirbrant","image":{"@type":"ImageObject","inLanguage":"fr-FR","@id":"\/#\/schema\/person\/image\/","url":"https:\/\/secure.gravatar.com\/avatar\/3e199877e52f38ef6ac90c0fcbd6a2b9bfb06a406ac24037ea9daf970eb93378?s=96&d=mm&r=g","contentUrl":"https:\/\/secure.gravatar.com\/avatar\/3e199877e52f38ef6ac90c0fcbd6a2b9bfb06a406ac24037ea9daf970eb93378?s=96&d=mm&r=g","caption":"Patrick Heirbrant"}}]}},"_links":{"self":[{"href":"https:\/\/www.aic-vbc.be\/fr\/wp-json\/wp\/v2\/posts\/16307","targetHints":{"allow":["GET"]}}],"collection":[{"href":"https:\/\/www.aic-vbc.be\/fr\/wp-json\/wp\/v2\/posts"}],"about":[{"href":"https:\/\/www.aic-vbc.be\/fr\/wp-json\/wp\/v2\/types\/post"}],"author":[{"embeddable":true,"href":"https:\/\/www.aic-vbc.be\/fr\/wp-json\/wp\/v2\/users\/3"}],"replies":[{"embeddable":true,"href":"https:\/\/www.aic-vbc.be\/fr\/wp-json\/wp\/v2\/comments?post=16307"}],"version-history":[{"count":24,"href":"https:\/\/www.aic-vbc.be\/fr\/wp-json\/wp\/v2\/posts\/16307\/revisions"}],"predecessor-version":[{"id":17077,"href":"https:\/\/www.aic-vbc.be\/fr\/wp-json\/wp\/v2\/posts\/16307\/revisions\/17077"}],"wp:featuredmedia":[{"embeddable":true,"href":"https:\/\/www.aic-vbc.be\/fr\/wp-json\/wp\/v2\/media\/16313"}],"wp:attachment":[{"href":"https:\/\/www.aic-vbc.be\/fr\/wp-json\/wp\/v2\/media?parent=16307"}],"wp:term":[{"taxonomy":"category","embeddable":true,"href":"https:\/\/www.aic-vbc.be\/fr\/wp-json\/wp\/v2\/categories?post=16307"},{"taxonomy":"post_tag","embeddable":true,"href":"https:\/\/www.aic-vbc.be\/fr\/wp-json\/wp\/v2\/tags?post=16307"}],"curies":[{"name":"wp","href":"https:\/\/api.w.org\/{rel}","templated":true}]}}